{"id":128,"date":"2011-10-12T12:15:23","date_gmt":"2011-10-12T10:15:23","guid":{"rendered":"http:\/\/www.szarestado.pl\/test\/?p=128"},"modified":"2012-01-10T16:12:07","modified_gmt":"2012-01-10T14:12:07","slug":"miot-v-wyrusza-w-swiat-3","status":"publish","type":"post","link":"https:\/\/www.szarestado.pl\/en\/miot-v-wyrusza-w-swiat-3","title":{"rendered":"MIOT V WYRUSZA W \u015aWIAT"},"content":{"rendered":"<p><H2 ALIGN=CENTER> ODCINEK ZATYTU\u0141OWANY VOLVER:<\/H2><br \/>\n<BR><\/p>\n<p align=\"justify\">Miot V pojawi\u0142 si\u0119 na \u015bwiecie 24 grudnia 2010 roku, a szczeniaki z tego miotu zacz\u0119\u0142y opuszcza\u0107 Szare Stado ju\u017c po dw\u00f3ch miesi\u0105cach, czyli od 25 lutego. Jednym z nich by\u0142 bohater tego odcinka &#8211; <b>Volver<\/b>!<br \/> <br \/>\nVolver spodoba\u0142 si\u0119 Klaudii i Marcinowi i wyw\u0119drowa\u0142 a\u017c w okolice Wroc\u0142awia.<br \/>\nPoni\u017cej Volver w nowym otoczeniu:<\/p>\n<table align=\"center\">\n<tr>\n<td>\n<A HREF=\"\/galery\/miotv\/volver\/volver1.jpg\" target=\"_blank\" BORDER=\"0\"><br \/>\n  <IMG SRC=\"\/galery\/miotv\/volver\/mvolver1.jpg\" BORDER=\"0\"><\/A>\n<\/td>\n<td>\n  <A HREF=\"\/galery\/miotv\/volver\/volver2.jpg\" target=\"_blank\" BORDER=\"0\"><br \/>\n  <IMG SRC=\"\/galery\/miotv\/volver\/mvolver2.jpg\" BORDER=\"0\"><\/A>\n  <\/td>\n<\/tr>\n<tr>\n<td>\n  <A HREF=\"\/galery\/miotv\/volver\/volver3.jpg\" target=\"_blank\" BORDER=\"0\"><br \/>\n  <IMG SRC=\"\/galery\/miotv\/volver\/mvolver3.jpg\" BORDER=\"0\"><\/A>\n  <\/td>\n<td>\n  <A HREF=\"\/galery\/miotv\/volver\/volver4.jpg\" target=\"_blank\" BORDER=\"0\"><br \/>\n  <IMG SRC=\"\/galery\/miotv\/volver\/mvolver4.jpg\" BORDER=\"0\"><\/A>\n  <\/td>\n<\/tr>\n<tr>\n<td colspan=\"2\">a tu kilka zdj\u0119\u0107 Volvera w galerii &#8220;Dalsze losy miotu V&#8221;:<br \/>\n<a href=\"http:\/\/www.szarestado.pl\/dalsze-losy-miotu-v\"><img decoding=\"async\" src=\"\/galery\/mv\/erdlmv.jpg\"><\/a><br \/>\n<a href=\"http:\/\/www.szarestado.pl\/dalsze-losy-miotu-v\">galeria dalsze losy miotu V<\/a>\n<\/td>\n<\/tr>\n<\/table>\n<p>\n<b><u><a href=\"http:\/\/www.szarestado.pl\/?page_id=37\">powr\u00f3t do strony miotu V<\/a><\/u><\/b><\/p>\n<p><\/p>\n","protected":false},"excerpt":{"rendered":"<p>ODCINEK ZATYTU\u0141OWANY VOLVER: Miot V pojawi\u0142 si\u0119 na \u015bwiecie 24 grudnia 2010 roku, a szczeniaki z tego miotu zacz\u0119\u0142y opuszcza\u0107 Szare Stado ju\u017c po dw\u00f3ch miesi\u0105cach, czyli od 25 lutego. Jednym z nich by\u0142 bohater tego odcinka &#8211; Volver! Volver &hellip; <a href=\"https:\/\/www.szarestado.pl\/en\/miot-v-wyrusza-w-swiat-3\">Continue reading <span class=\"meta-nav\">&rarr;<\/span><\/a><\/p>\n","protected":false},"author":1,"featured_media":0,"comment_status":"open","ping_status":"open","sticky":false,"template":"","format":"standard","meta":{"ngg_post_thumbnail":0,"footnotes":""},"categories":[8],"tags":[],"class_list":["post-128","post","type-post","status-publish","format-standard","hentry","category-inne"],"aioseo_notices":[],"_links":{"self":[{"href":"https:\/\/www.szarestado.pl\/en\/wp-json\/wp\/v2\/posts\/128"}],"collection":[{"href":"https:\/\/www.szarestado.pl\/en\/wp-json\/wp\/v2\/posts"}],"about":[{"href":"https:\/\/www.szarestado.pl\/en\/wp-json\/wp\/v2\/types\/post"}],"author":[{"embeddable":true,"href":"https:\/\/www.szarestado.pl\/en\/wp-json\/wp\/v2\/users\/1"}],"replies":[{"embeddable":true,"href":"https:\/\/www.szarestado.pl\/en\/wp-json\/wp\/v2\/comments?post=128"}],"version-history":[{"count":7,"href":"https:\/\/www.szarestado.pl\/en\/wp-json\/wp\/v2\/posts\/128\/revisions"}],"predecessor-version":[{"id":448,"href":"https:\/\/www.szarestado.pl\/en\/wp-json\/wp\/v2\/posts\/128\/revisions\/448"}],"wp:attachment":[{"href":"https:\/\/www.szarestado.pl\/en\/wp-json\/wp\/v2\/media?parent=128"}],"wp:term":[{"taxonomy":"category","embeddable":true,"href":"https:\/\/www.szarestado.pl\/en\/wp-json\/wp\/v2\/categories?post=128"},{"taxonomy":"post_tag","embeddable":true,"href":"https:\/\/www.szarestado.pl\/en\/wp-json\/wp\/v2\/tags?post=128"}],"curies":[{"name":"wp","href":"https:\/\/api.w.org\/{rel}","templated":true}]}}