{"id":135,"date":"2011-10-12T12:19:45","date_gmt":"2011-10-12T10:19:45","guid":{"rendered":"http:\/\/www.szarestado.pl\/test\/?p=135"},"modified":"2012-01-10T16:07:32","modified_gmt":"2012-01-10T14:07:32","slug":"miot-v-wyrusza-w-swiat-5","status":"publish","type":"post","link":"https:\/\/www.szarestado.pl\/en\/miot-v-wyrusza-w-swiat-5","title":{"rendered":"MIOT V WYRUSZA W \u015aWIAT"},"content":{"rendered":"<p><H2 ALIGN=CENTER> ODCINEK ZATYTU\u0141OWANY VINCI:<\/H2><br \/>\n<BR><\/p>\n<p align=\"justify\">Miot V pojawi\u0142 si\u0119 na \u015bwiecie 24 grudnia 2010 roku, a szczeniaki z tego miotu zacz\u0119\u0142y opuszcza\u0107 Szare Stado ju\u017c po dw\u00f3ch miesi\u0105cach, czyli od 25 lutego. Jednym z nich by\u0142 bohater tego odcinka &#8211; <b>Vinci<\/b>!<br \/> <br \/>\nVinci zast\u0119skni\u0142 za wiekim \u015bwiatem i pojecha\u0142 do pani Magdy pod Warszaw\u0119<br \/>\nPoni\u017cej Vinci prezentuje si\u0119 w nowym otoczeniu, jak wida\u0107 lubi wypoczywa\u0107 w odpowiednich miejscach:<\/p>\n<table align=\"center\">\n<tr>\n<td>\n<A HREF=\"\/galery\/miotv\/vinci\/vinci1.jpg\" target=\"_blank\" BORDER=\"0\"><br \/>\n  <IMG SRC=\"\/galery\/miotv\/vinci\/mvinci1.jpg\" BORDER=\"0\"><\/A>\n<\/td>\n<td>\n  <A HREF=\"\/galery\/miotv\/vinci\/vinci2.jpg\" target=\"_blank\" BORDER=\"0\"><br \/>\n  <IMG SRC=\"\/galery\/miotv\/vinci\/mvinci2.jpg\" BORDER=\"0\"><\/A>\n  <\/td>\n<\/tr>\n<tr>\n<td colspan=\"2\">kilka zdj\u0119\u0107 Vinciego mo\u017cecie zobaczy\u0107 w galerii &#8220;Dalsze losy miotu V&#8221;:<br \/>\n<a href=\"http:\/\/www.szarestado.pl\/dalsze-losy-miotu-v\"><img decoding=\"async\" src=\"\/galery\/mv\/cidlmv.jpg\"><\/a><br \/>\n<a href=\"http:\/\/www.szarestado.pl\/dalsze-losy-miotu-v\">galeria dalsze losy miotu V<\/a>\n<\/td>\n<\/tr>\n<\/table>\n<p>\n<b><u><a href=\"http:\/\/www.szarestado.pl\/?page_id=37\">powr\u00f3t do strony miotu V<\/a><\/u><\/b><\/p>\n<p><\/p>\n","protected":false},"excerpt":{"rendered":"<p>ODCINEK ZATYTU\u0141OWANY VINCI: Miot V pojawi\u0142 si\u0119 na \u015bwiecie 24 grudnia 2010 roku, a szczeniaki z tego miotu zacz\u0119\u0142y opuszcza\u0107 Szare Stado ju\u017c po dw\u00f3ch miesi\u0105cach, czyli od 25 lutego. Jednym z nich by\u0142 bohater tego odcinka &#8211; Vinci! Vinci &hellip; <a href=\"https:\/\/www.szarestado.pl\/en\/miot-v-wyrusza-w-swiat-5\">Continue reading <span class=\"meta-nav\">&rarr;<\/span><\/a><\/p>\n","protected":false},"author":1,"featured_media":0,"comment_status":"open","ping_status":"open","sticky":false,"template":"","format":"standard","meta":{"ngg_post_thumbnail":0,"footnotes":""},"categories":[8],"tags":[],"class_list":["post-135","post","type-post","status-publish","format-standard","hentry","category-inne"],"aioseo_notices":[],"_links":{"self":[{"href":"https:\/\/www.szarestado.pl\/en\/wp-json\/wp\/v2\/posts\/135"}],"collection":[{"href":"https:\/\/www.szarestado.pl\/en\/wp-json\/wp\/v2\/posts"}],"about":[{"href":"https:\/\/www.szarestado.pl\/en\/wp-json\/wp\/v2\/types\/post"}],"author":[{"embeddable":true,"href":"https:\/\/www.szarestado.pl\/en\/wp-json\/wp\/v2\/users\/1"}],"replies":[{"embeddable":true,"href":"https:\/\/www.szarestado.pl\/en\/wp-json\/wp\/v2\/comments?post=135"}],"version-history":[{"count":5,"href":"https:\/\/www.szarestado.pl\/en\/wp-json\/wp\/v2\/posts\/135\/revisions"}],"predecessor-version":[{"id":225,"href":"https:\/\/www.szarestado.pl\/en\/wp-json\/wp\/v2\/posts\/135\/revisions\/225"}],"wp:attachment":[{"href":"https:\/\/www.szarestado.pl\/en\/wp-json\/wp\/v2\/media?parent=135"}],"wp:term":[{"taxonomy":"category","embeddable":true,"href":"https:\/\/www.szarestado.pl\/en\/wp-json\/wp\/v2\/categories?post=135"},{"taxonomy":"post_tag","embeddable":true,"href":"https:\/\/www.szarestado.pl\/en\/wp-json\/wp\/v2\/tags?post=135"}],"curies":[{"name":"wp","href":"https:\/\/api.w.org\/{rel}","templated":true}]}}