{"id":653,"date":"2012-04-17T14:48:37","date_gmt":"2012-04-17T12:48:37","guid":{"rendered":"http:\/\/www.szarestado.pl\/?p=653"},"modified":"2012-04-17T14:48:37","modified_gmt":"2012-04-17T12:48:37","slug":"miot-m-9-tygodni-2","status":"publish","type":"post","link":"https:\/\/www.szarestado.pl\/en\/miot-m-9-tygodni-2","title":{"rendered":"Miot M 9 tygodni"},"content":{"rendered":"<p>Zapraszam do galerii miotu M w wieku 9 tygodni. Maluchy zaczynaj\u0105 rozje\u017cd\u017ca\u0107 si\u0119 do nowych dom\u00f3w:) Mirt w Wielk\u0105 Sobot\u0119 pojecha\u0142 w okolice \u0141odzi, Morelka wyjecha\u0142a do Elbl\u0105ga, a Meliska jutro jedzie w okolice Leszna:)<\/p>\n<p><a href=\"http:\/\/www.szarestado.pl\/miot-m-9-tygodni\">zobacz galeri\u0119<\/a><\/p>\n","protected":false},"excerpt":{"rendered":"<p>Zapraszam do galerii miotu M w wieku 9 tygodni. Maluchy zaczynaj\u0105 rozje\u017cd\u017ca\u0107 si\u0119 do nowych dom\u00f3w:) Mirt w Wielk\u0105 Sobot\u0119 pojecha\u0142 w okolice \u0141odzi, Morelka wyjecha\u0142a do Elbl\u0105ga, a Meliska jutro jedzie w okolice Leszna:) zobacz galeri\u0119<\/p>\n","protected":false},"author":2,"featured_media":0,"comment_status":"open","ping_status":"open","sticky":false,"template":"","format":"standard","meta":{"ngg_post_thumbnail":0,"footnotes":""},"categories":[9],"tags":[],"class_list":["post-653","post","type-post","status-publish","format-standard","hentry","category-news"],"aioseo_notices":[],"_links":{"self":[{"href":"https:\/\/www.szarestado.pl\/en\/wp-json\/wp\/v2\/posts\/653"}],"collection":[{"href":"https:\/\/www.szarestado.pl\/en\/wp-json\/wp\/v2\/posts"}],"about":[{"href":"https:\/\/www.szarestado.pl\/en\/wp-json\/wp\/v2\/types\/post"}],"author":[{"embeddable":true,"href":"https:\/\/www.szarestado.pl\/en\/wp-json\/wp\/v2\/users\/2"}],"replies":[{"embeddable":true,"href":"https:\/\/www.szarestado.pl\/en\/wp-json\/wp\/v2\/comments?post=653"}],"version-history":[{"count":3,"href":"https:\/\/www.szarestado.pl\/en\/wp-json\/wp\/v2\/posts\/653\/revisions"}],"predecessor-version":[{"id":656,"href":"https:\/\/www.szarestado.pl\/en\/wp-json\/wp\/v2\/posts\/653\/revisions\/656"}],"wp:attachment":[{"href":"https:\/\/www.szarestado.pl\/en\/wp-json\/wp\/v2\/media?parent=653"}],"wp:term":[{"taxonomy":"category","embeddable":true,"href":"https:\/\/www.szarestado.pl\/en\/wp-json\/wp\/v2\/categories?post=653"},{"taxonomy":"post_tag","embeddable":true,"href":"https:\/\/www.szarestado.pl\/en\/wp-json\/wp\/v2\/tags?post=653"}],"curies":[{"name":"wp","href":"https:\/\/api.w.org\/{rel}","templated":true}]}}