{"id":733,"date":"2013-03-20T12:00:11","date_gmt":"2013-03-20T10:00:11","guid":{"rendered":"http:\/\/www.szarestado.pl\/?p=733"},"modified":"2013-06-01T17:32:54","modified_gmt":"2013-06-01T15:32:54","slug":"zima-2013","status":"publish","type":"post","link":"https:\/\/www.szarestado.pl\/en\/zima-2013","title":{"rendered":"Zima 2013"},"content":{"rendered":"<p>Uwielbiam zimowe spacery. Nasze psy te\u017c, co wida\u0107 na zdj\u0119ciach:) Zapraszam do galerii:) <a href=\"http:\/\/www.szarestado.pl\/zimowy-spacer\"><img loading=\"lazy\" decoding=\"async\" class=\"aligncenter size-medium wp-image-734\" title=\"vim5\" src=\"http:\/\/www.szarestado.pl\/wp-content\/uploads\/2013\/05\/vim5-300x207.jpg\" alt=\"\" width=\"300\" height=\"207\" srcset=\"https:\/\/www.szarestado.pl\/wp-content\/uploads\/2013\/05\/vim5-300x207.jpg 300w, https:\/\/www.szarestado.pl\/wp-content\/uploads\/2013\/05\/vim5-433x300.jpg 433w, https:\/\/www.szarestado.pl\/wp-content\/uploads\/2013\/05\/vim5.jpg 800w\" sizes=\"(max-width: 300px) 100vw, 300px\" \/><\/a><\/p>\n","protected":false},"excerpt":{"rendered":"<p>Uwielbiam zimowe spacery. Nasze psy te\u017c, co wida\u0107 na zdj\u0119ciach:) Zapraszam do galerii:)<\/p>\n","protected":false},"author":2,"featured_media":0,"comment_status":"closed","ping_status":"closed","sticky":false,"template":"","format":"standard","meta":{"ngg_post_thumbnail":0,"footnotes":""},"categories":[8,9],"tags":[],"class_list":["post-733","post","type-post","status-publish","format-standard","hentry","category-inne","category-news"],"aioseo_notices":[],"_links":{"self":[{"href":"https:\/\/www.szarestado.pl\/en\/wp-json\/wp\/v2\/posts\/733"}],"collection":[{"href":"https:\/\/www.szarestado.pl\/en\/wp-json\/wp\/v2\/posts"}],"about":[{"href":"https:\/\/www.szarestado.pl\/en\/wp-json\/wp\/v2\/types\/post"}],"author":[{"embeddable":true,"href":"https:\/\/www.szarestado.pl\/en\/wp-json\/wp\/v2\/users\/2"}],"replies":[{"embeddable":true,"href":"https:\/\/www.szarestado.pl\/en\/wp-json\/wp\/v2\/comments?post=733"}],"version-history":[{"count":3,"href":"https:\/\/www.szarestado.pl\/en\/wp-json\/wp\/v2\/posts\/733\/revisions"}],"predecessor-version":[{"id":778,"href":"https:\/\/www.szarestado.pl\/en\/wp-json\/wp\/v2\/posts\/733\/revisions\/778"}],"wp:attachment":[{"href":"https:\/\/www.szarestado.pl\/en\/wp-json\/wp\/v2\/media?parent=733"}],"wp:term":[{"taxonomy":"category","embeddable":true,"href":"https:\/\/www.szarestado.pl\/en\/wp-json\/wp\/v2\/categories?post=733"},{"taxonomy":"post_tag","embeddable":true,"href":"https:\/\/www.szarestado.pl\/en\/wp-json\/wp\/v2\/tags?post=733"}],"curies":[{"name":"wp","href":"https:\/\/api.w.org\/{rel}","templated":true}]}}